{"id":3630,"date":"2022-11-09T11:59:15","date_gmt":"2022-11-09T09:59:15","guid":{"rendered":"https:\/\/www.ekonomisti.lv\/en\/2022\/11\/09\/ekonomistu-apvienibas-izbraukuma-konference-moldova\/"},"modified":"2022-12-20T15:45:48","modified_gmt":"2022-12-20T13:45:48","slug":"economists-association-conference-in-moldova","status":"publish","type":"post","link":"https:\/\/www.ekonomisti.lv\/en\/2022\/11\/09\/economists-association-conference-in-moldova\/","title":{"rendered":"Economists Association conference in Moldova"},"content":{"rendered":"<p>Ekonomistu apvien\u012bba no 4. l\u012bdz 8. Novembrim aizvad\u012bja izbraukuma konferenci Moldov\u0101. Izbraukuma konference ietvaros tika p\u0101rrun\u0101tas abu valstu situ\u0101cija p\u0113c Krievijas agres\u012bv\u0101 iebrukuma Ukrain\u0101, k\u0101 ar\u012b iesp\u0113jamie scen\u0101riji savstarp\u0113jo attiec\u012bbu stiprin\u0101\u0161an\u0101. Latviju un Moldovu vieno v\u0113sturiskas saites kop\u0161 padomju savien\u012bbas laikiem un pa\u0161laik abas valstis piedz\u012bvo l\u012bdz\u012bgus izaicin\u0101jumus \u012bpa\u0161i, kas saist\u012bti ar v\u0113sturisko energoresursu atkar\u012bbu no Krievijas, kas ir izrais\u012bjusi visaptvero\u0161u ener\u0123\u0113tikas kr\u012bzi un infl\u0101ciju 34% apm\u0113r\u0101.<\/p>\n<p>Moldov\u0101 kop\u0161 2021. gada pie varas ir pro-Eiropeisk\u0101 R\u012bc\u012bbas un solidarit\u0101tes partija (Party of Action and Solidarity), kura ieguva stabilu vair\u0101kumu gan parlament\u0101 (63 no 101 viet\u0101m), gan prezident\u0101laj\u0101s v\u0113l\u0113\u0161an\u0101s kur uzvar\u0113ja Maija Sandu. Ekonomistu apvien\u012bba Moldovas galvaspils\u0113t\u0101 Ki\u0161i\u0146ev\u0101 tik\u0101s ar:<\/p>\n<ul>\n<li>Moldovas ekonomikas ministru Sergiu Gaibu <a href=\"https:\/\/gov.md\/\">https:\/\/gov.md\/<\/a><\/li>\n<\/ul>\n<ul>\n<li>Moldovas E-p\u0101rvald\u012bbas a\u0123ent\u016bras vad\u012bbu un t\u0101s vad\u012bt\u0101ju Olgu Tumurucu <a href=\"https:\/\/www.egov.md\/\">https:\/\/www.egov.md\/<\/a><\/li>\n<li>\u0100rvalstu investoru asoci\u0101cijas vad\u012bbu <a href=\"https:\/\/fia.md\/\">https:\/\/fia.md\/<\/a><\/li>\n<\/ul>\n<p><a href=\"https:\/\/www.ekonomisti.lv\/2022\/11\/09\/ekonomistu-apvienibas-izbraukuma-konference-moldova\/whatsapp-image-2022-11-07-at-4-31-58-pm-2\/\" rel=\"attachment wp-att-3495\"><img loading=\"lazy\" decoding=\"async\" class=\"alignnone wp-image-3495\" src=\"https:\/\/www.ekonomisti.lv\/wp-content\/uploads\/2022\/11\/WhatsApp-Image-2022-11-07-at-4.31.58-PM-1-1024x765.jpeg\" alt=\"\" width=\"495\" height=\"370\" srcset=\"https:\/\/www.ekonomisti.lv\/wp-content\/uploads\/2022\/11\/WhatsApp-Image-2022-11-07-at-4.31.58-PM-1-1024x765.jpeg 1024w, https:\/\/www.ekonomisti.lv\/wp-content\/uploads\/2022\/11\/WhatsApp-Image-2022-11-07-at-4.31.58-PM-1-300x224.jpeg 300w, https:\/\/www.ekonomisti.lv\/wp-content\/uploads\/2022\/11\/WhatsApp-Image-2022-11-07-at-4.31.58-PM-1-768x574.jpeg 768w, https:\/\/www.ekonomisti.lv\/wp-content\/uploads\/2022\/11\/WhatsApp-Image-2022-11-07-at-4.31.58-PM-1.jpeg 1195w\" sizes=\"auto, (max-width: 495px) 100vw, 495px\" \/><\/a> <a href=\"https:\/\/www.ekonomisti.lv\/2022\/11\/09\/ekonomistu-apvienibas-izbraukuma-konference-moldova\/whatsapp-image-2022-11-07-at-4-31-59-pm-2\/\" rel=\"attachment wp-att-3496\"><img loading=\"lazy\" decoding=\"async\" class=\"alignnone wp-image-3496\" src=\"https:\/\/www.ekonomisti.lv\/wp-content\/uploads\/2022\/11\/WhatsApp-Image-2022-11-07-at-4.31.59-PM-1-1024x672.jpeg\" alt=\"\" width=\"564\" height=\"370\" srcset=\"https:\/\/www.ekonomisti.lv\/wp-content\/uploads\/2022\/11\/WhatsApp-Image-2022-11-07-at-4.31.59-PM-1-1024x672.jpeg 1024w, https:\/\/www.ekonomisti.lv\/wp-content\/uploads\/2022\/11\/WhatsApp-Image-2022-11-07-at-4.31.59-PM-1-300x197.jpeg 300w, https:\/\/www.ekonomisti.lv\/wp-content\/uploads\/2022\/11\/WhatsApp-Image-2022-11-07-at-4.31.59-PM-1-768x504.jpeg 768w, https:\/\/www.ekonomisti.lv\/wp-content\/uploads\/2022\/11\/WhatsApp-Image-2022-11-07-at-4.31.59-PM-1.jpeg 1358w\" sizes=\"auto, (max-width: 564px) 100vw, 564px\" \/><\/a><\/p>\n<p><a href=\"https:\/\/www.ekonomisti.lv\/2022\/11\/09\/ekonomistu-apvienibas-izbraukuma-konference-moldova\/whatsapp-image-2022-11-07-at-2-27-39-pm\/\" rel=\"attachment wp-att-3491\"><img loading=\"lazy\" decoding=\"async\" class=\"alignnone wp-image-3491\" src=\"https:\/\/www.ekonomisti.lv\/wp-content\/uploads\/2022\/11\/WhatsApp-Image-2022-11-07-at-2.27.39-PM-1024x768.jpeg\" alt=\"\" width=\"533\" height=\"400\" srcset=\"https:\/\/www.ekonomisti.lv\/wp-content\/uploads\/2022\/11\/WhatsApp-Image-2022-11-07-at-2.27.39-PM-1024x768.jpeg 1024w, https:\/\/www.ekonomisti.lv\/wp-content\/uploads\/2022\/11\/WhatsApp-Image-2022-11-07-at-2.27.39-PM-300x225.jpeg 300w, https:\/\/www.ekonomisti.lv\/wp-content\/uploads\/2022\/11\/WhatsApp-Image-2022-11-07-at-2.27.39-PM-768x576.jpeg 768w, https:\/\/www.ekonomisti.lv\/wp-content\/uploads\/2022\/11\/WhatsApp-Image-2022-11-07-at-2.27.39-PM-1536x1152.jpeg 1536w, https:\/\/www.ekonomisti.lv\/wp-content\/uploads\/2022\/11\/WhatsApp-Image-2022-11-07-at-2.27.39-PM.jpeg 1600w\" sizes=\"auto, (max-width: 533px) 100vw, 533px\" \/><\/a> <a href=\"https:\/\/www.ekonomisti.lv\/2022\/11\/09\/ekonomistu-apvienibas-izbraukuma-konference-moldova\/whatsapp-image-2022-11-07-at-11-20-20-am\/\" rel=\"attachment wp-att-3492\"><img loading=\"lazy\" decoding=\"async\" class=\"alignnone wp-image-3492\" src=\"https:\/\/www.ekonomisti.lv\/wp-content\/uploads\/2022\/11\/WhatsApp-Image-2022-11-07-at-11.20.20-AM-1024x768.jpeg\" alt=\"\" width=\"533\" height=\"400\" srcset=\"https:\/\/www.ekonomisti.lv\/wp-content\/uploads\/2022\/11\/WhatsApp-Image-2022-11-07-at-11.20.20-AM-1024x768.jpeg 1024w, https:\/\/www.ekonomisti.lv\/wp-content\/uploads\/2022\/11\/WhatsApp-Image-2022-11-07-at-11.20.20-AM-300x225.jpeg 300w, https:\/\/www.ekonomisti.lv\/wp-content\/uploads\/2022\/11\/WhatsApp-Image-2022-11-07-at-11.20.20-AM-768x576.jpeg 768w, https:\/\/www.ekonomisti.lv\/wp-content\/uploads\/2022\/11\/WhatsApp-Image-2022-11-07-at-11.20.20-AM-1536x1152.jpeg 1536w, https:\/\/www.ekonomisti.lv\/wp-content\/uploads\/2022\/11\/WhatsApp-Image-2022-11-07-at-11.20.20-AM.jpeg 1600w\" sizes=\"auto, (max-width: 533px) 100vw, 533px\" \/><\/a><\/p>\n<p>P\u0113c Krievijas agres\u012bv\u0101 iebrukuma Ukrain\u0101 prezidente Maija Sandu 2022.\u00a0gada 3.\u00a0mart\u0101 parakst\u012bja pieteikumu dal\u012bbai ES kop\u0101 ar Moldovas parlamenta priek\u0161s\u0113d\u0113t\u0101ju Igoru Grosu un Moldovas premjerministri Nat\u0101liju Gavri\u013cicu. Moldova kop\u0101 ar Ukrainu 23. j\u016bnij\u0101 sa\u0146\u0113ma ES kandid\u0101tvalsts statusu saska\u0146\u0101 ar ap\u0146em\u0161anos veikt struktur\u0101l\u0101s reformas. Ekonomistu apvien\u012bba, lai lab\u0101k saprastu Moldovas \u0123eopolitisko situ\u0101ciju tik\u0101s ar:<\/p>\n<ul>\n<li>Eiropas Savien\u012bbas deleg\u0101cija Moldovas Republik\u0101 v\u0113stnieku J\u0101ni Ma\u017eeiku<\/li>\n<li>Latvijas Republikas v\u0113stnieku Moldov\u0101 Uldi Mikutu<\/li>\n<li>Pasaules bankas vad\u012bt\u0101ju Moldov\u0101 un Ekonomistu apvien\u012bbas biedru Ing\u016bnu Dobr\u0101ju<\/li>\n<li>Latvijas goda konsulu Val\u0113riju Drag\u0146evu<\/li>\n<\/ul>\n<p><a href=\"https:\/\/www.ekonomisti.lv\/2022\/11\/09\/ekonomistu-apvienibas-izbraukuma-konference-moldova\/whatsapp-image-2022-11-07-at-6-48-59-pm\/\" rel=\"attachment wp-att-3497\"><img loading=\"lazy\" decoding=\"async\" class=\"alignnone wp-image-3497\" src=\"https:\/\/www.ekonomisti.lv\/wp-content\/uploads\/2022\/11\/WhatsApp-Image-2022-11-07-at-6.48.59-PM-576x1024.jpeg\" alt=\"\" width=\"225\" height=\"400\" srcset=\"https:\/\/www.ekonomisti.lv\/wp-content\/uploads\/2022\/11\/WhatsApp-Image-2022-11-07-at-6.48.59-PM-576x1024.jpeg 576w, https:\/\/www.ekonomisti.lv\/wp-content\/uploads\/2022\/11\/WhatsApp-Image-2022-11-07-at-6.48.59-PM-169x300.jpeg 169w, https:\/\/www.ekonomisti.lv\/wp-content\/uploads\/2022\/11\/WhatsApp-Image-2022-11-07-at-6.48.59-PM-768x1365.jpeg 768w, https:\/\/www.ekonomisti.lv\/wp-content\/uploads\/2022\/11\/WhatsApp-Image-2022-11-07-at-6.48.59-PM-864x1536.jpeg 864w, https:\/\/www.ekonomisti.lv\/wp-content\/uploads\/2022\/11\/WhatsApp-Image-2022-11-07-at-6.48.59-PM.jpeg 1134w\" sizes=\"auto, (max-width: 225px) 100vw, 225px\" \/><\/a> <a href=\"https:\/\/www.ekonomisti.lv\/2022\/11\/09\/ekonomistu-apvienibas-izbraukuma-konference-moldova\/whatsapp-image-2022-11-07-at-11-49-30-pm\/\" rel=\"attachment wp-att-3498\"><img loading=\"lazy\" decoding=\"async\" class=\"alignnone wp-image-3498\" src=\"https:\/\/www.ekonomisti.lv\/wp-content\/uploads\/2022\/11\/WhatsApp-Image-2022-11-07-at-11.49.30-PM.jpeg\" alt=\"\" width=\"533\" height=\"400\" srcset=\"https:\/\/www.ekonomisti.lv\/wp-content\/uploads\/2022\/11\/WhatsApp-Image-2022-11-07-at-11.49.30-PM.jpeg 1024w, https:\/\/www.ekonomisti.lv\/wp-content\/uploads\/2022\/11\/WhatsApp-Image-2022-11-07-at-11.49.30-PM-300x225.jpeg 300w, https:\/\/www.ekonomisti.lv\/wp-content\/uploads\/2022\/11\/WhatsApp-Image-2022-11-07-at-11.49.30-PM-768x576.jpeg 768w\" sizes=\"auto, (max-width: 533px) 100vw, 533px\" \/><\/a> <a href=\"https:\/\/www.ekonomisti.lv\/2022\/11\/09\/ekonomistu-apvienibas-izbraukuma-konference-moldova\/whatsapp-image-2022-11-08-at-9-17-42-am\/\" rel=\"attachment wp-att-3499\"><img loading=\"lazy\" decoding=\"async\" class=\"alignnone wp-image-3499\" src=\"https:\/\/www.ekonomisti.lv\/wp-content\/uploads\/2022\/11\/WhatsApp-Image-2022-11-08-at-9.17.42-AM-735x1024.jpeg\" alt=\"\" width=\"287\" height=\"400\" srcset=\"https:\/\/www.ekonomisti.lv\/wp-content\/uploads\/2022\/11\/WhatsApp-Image-2022-11-08-at-9.17.42-AM-735x1024.jpeg 735w, https:\/\/www.ekonomisti.lv\/wp-content\/uploads\/2022\/11\/WhatsApp-Image-2022-11-08-at-9.17.42-AM-215x300.jpeg 215w, https:\/\/www.ekonomisti.lv\/wp-content\/uploads\/2022\/11\/WhatsApp-Image-2022-11-08-at-9.17.42-AM-768x1069.jpeg 768w, https:\/\/www.ekonomisti.lv\/wp-content\/uploads\/2022\/11\/WhatsApp-Image-2022-11-08-at-9.17.42-AM-1103x1536.jpeg 1103w, https:\/\/www.ekonomisti.lv\/wp-content\/uploads\/2022\/11\/WhatsApp-Image-2022-11-08-at-9.17.42-AM.jpeg 1134w\" sizes=\"auto, (max-width: 287px) 100vw, 287px\" \/><\/a><\/p>\n<p>Moldova ir uz\u0146\u0113musi stabilu kursu Eiropas virzien\u0101, bet jaunajai vald\u012bbai ir j\u0101p\u0101rvar iev\u0113rojami izaicin\u0101jumi kurus rad\u012bja Krievijas agres\u012bvais iebrukums Ukrain\u0101, Covid-19 pand\u0113mija, korupcija un demogr\u0101fisk\u0101 kr\u012bze. Latvijas diplom\u0101ti un to past\u0101vo\u0161\u0101s iest\u0101des akt\u012bvi str\u0101d\u0101, lai uzlabotu situ\u0101ciju Moldov\u0101 un pal\u012bdz vi\u0146iem veikt nepiecie\u0161am\u0101s reformas, kas nepiecie\u0161amas vi\u0146u cie\u0161\u0101kai virz\u012bbai uz Eiropas savien\u012bbu. Ekonomistu apvien\u012bba apmekl\u0113ja ar\u012b Latvijas goda konsula Val\u0113rija Drag\u0146eva piedero\u0161o Basavin v\u012bnadar\u012btavu (<a href=\"http:\/\/basavin.md\">http:\/\/basavin.md<\/a>). \u00a0Moldovas v\u012bni kop\u0161 Krievijas embargo ir iev\u0113rojami uzlaboju\u0161i savu kvalit\u0101ti un sp\u0113j pieg\u0101d\u0101t augstas kvalit\u0101tes v\u012bnus, kas daudz neat\u0161\u0137iras no v\u012bna ra\u017eo\u0161anas lielvalst\u012bm, k\u0101 Francija, It\u0101lija vai Sp\u0101nija. Ekonomistu apvien\u012bba turpin\u0101s sadarb\u012bbu ar Moldovas p\u0101rst\u0101vniec\u012bb\u0101m un atbalst\u012bs valsts tuvin\u0101\u0161anos Eiropas Savien\u012bbai.<\/p>\n","protected":false},"excerpt":{"rendered":"<p>Ekonomistu apvien\u012bba no 4. l\u012bdz 8. Novembrim aizvad\u012bja izbraukuma konferenci Moldov\u0101. Izbraukuma konference ietvaros tika p\u0101rrun\u0101tas abu valstu situ\u0101cija p\u0113c Krievijas agres\u012bv\u0101 iebrukuma Ukrain\u0101, k\u0101 ar\u012b iesp\u0113jamie scen\u0101riji savstarp\u0113jo attiec\u012bbu<a href=\"https:\/\/www.ekonomisti.lv\/en\/2022\/11\/09\/economists-association-conference-in-moldova\/\" rel=\"nofollow\"><br \/><font color=#445f85><b>Read more&#8230;<\/b><\/font><\/a><\/p>\n","protected":false},"author":1,"featured_media":3496,"comment_status":"closed","ping_status":"closed","sticky":false,"template":"","format":"standard","meta":{"_acf_changed":false,"footnotes":""},"categories":[139],"tags":[],"class_list":["post-3630","post","type-post","status-publish","format-standard","has-post-thumbnail","hentry","category-actual"],"acf":[],"_links":{"self":[{"href":"https:\/\/www.ekonomisti.lv\/en\/wp-json\/wp\/v2\/posts\/3630","targetHints":{"allow":["GET"]}}],"collection":[{"href":"https:\/\/www.ekonomisti.lv\/en\/wp-json\/wp\/v2\/posts"}],"about":[{"href":"https:\/\/www.ekonomisti.lv\/en\/wp-json\/wp\/v2\/types\/post"}],"author":[{"embeddable":true,"href":"https:\/\/www.ekonomisti.lv\/en\/wp-json\/wp\/v2\/users\/1"}],"replies":[{"embeddable":true,"href":"https:\/\/www.ekonomisti.lv\/en\/wp-json\/wp\/v2\/comments?post=3630"}],"version-history":[{"count":4,"href":"https:\/\/www.ekonomisti.lv\/en\/wp-json\/wp\/v2\/posts\/3630\/revisions"}],"predecessor-version":[{"id":3637,"href":"https:\/\/www.ekonomisti.lv\/en\/wp-json\/wp\/v2\/posts\/3630\/revisions\/3637"}],"wp:featuredmedia":[{"embeddable":true,"href":"https:\/\/www.ekonomisti.lv\/en\/wp-json\/wp\/v2\/media\/3496"}],"wp:attachment":[{"href":"https:\/\/www.ekonomisti.lv\/en\/wp-json\/wp\/v2\/media?parent=3630"}],"wp:term":[{"taxonomy":"category","embeddable":true,"href":"https:\/\/www.ekonomisti.lv\/en\/wp-json\/wp\/v2\/categories?post=3630"},{"taxonomy":"post_tag","embeddable":true,"href":"https:\/\/www.ekonomisti.lv\/en\/wp-json\/wp\/v2\/tags?post=3630"}],"curies":[{"name":"wp","href":"https:\/\/api.w.org\/{rel}","templated":true}]}}